{"id":4290,"date":"2012-09-29T19:24:49","date_gmt":"2012-09-29T18:24:49","guid":{"rendered":"https:\/\/katalonienbesuch.com\/barcelonas-region\/"},"modified":"2020-06-23T17:21:27","modified_gmt":"2020-06-23T16:21:27","slug":"vic","status":"publish","type":"post","link":"https:\/\/katalonienbesuch.com\/es\/vic\/","title":{"rendered":"Vic, un paseo por la historia de Catalu\u00f1a"},"content":{"rendered":"<p><strong>Vic<\/strong> es la capital de la comarca interior barcelonesa de Osona. Se sit\u00faa en la f\u00e9rtil y rica \u00abplana\u00bb de Vic a orillas del r\u00edo Meder y ha sido siempre un activo centro agr\u00edcola, ganadero y comercial. En esta bonita ciudad podremos hacer un <strong>recorrido hist\u00f3rico-art\u00edstico<\/strong> que nos llevar\u00e1 desde \u00e9poca romana hasta la actualidad. <!--more--><\/p>\n<p>Vic dispone de un muy cuidado centro urbano presidido por una notable <strong>Catedral<\/strong>, sede de un arzobispado. El templo, levantado hacia finales del siglo XVIII sobre restos rom\u00e1nicos y g\u00f3ticos, es de estilo neocl\u00e1sico y uno de sus mayores atractivos son las pinturas murales de Josep Mar\u00eda Sert en su interior. El recorrido por Vic nos conducir\u00e1 tambi\u00e9n a lugares tan emblem\u00e1ticos como el <strong>Museo Episcopal<\/strong>, erigido junto al recinto catedralicio y una visita imprescindible para los amantes de la historia del arte, la preciosa <strong>Plaza Mayor<\/strong> porticada, un interesante entramado de <strong>callejuelas<\/strong> de regusto medieval, el <strong>templo romano<\/strong>, el convento de Sant Dom\u00e8nech o la iglesia de la Pietat.<\/p>\n<p><a href=\"https:\/\/katalonienbesuch.com\/es\/barcelonas-region\/embotits-de-vic\/\" rel=\"attachment wp-att-4329\"><img decoding=\"async\" class=\"alignleft size-thumbnail wp-image-4329\" title=\"Embutidos de Vic\" src=\"https:\/\/katalonienbesuch.com\/wp-content\/uploads\/2012\/09\/Embotits-de-Vic-150x150.png\" alt=\"Embutidos de Vic\" width=\"150\" height=\"150\" srcset=\"https:\/\/katalonienbesuch.com\/wp-content\/uploads\/2012\/09\/Embotits-de-Vic-150x150.png 150w, https:\/\/katalonienbesuch.com\/wp-content\/uploads\/2012\/09\/Embotits-de-Vic-85x85.png 85w, https:\/\/katalonienbesuch.com\/wp-content\/uploads\/2012\/09\/Embotits-de-Vic-80x80.png 80w\" sizes=\"(max-width: 150px) 100vw, 150px\" \/><\/a>Vic es adem\u00e1s muy conocida por ser un centro de elaboraci\u00f3n de los tradicionales <strong>embutidos catalanes<\/strong>, que podremos degustar y comprar: fuet, longaniza catalana, butifarra, bull de diferentes tipos, etc.<\/p>\n<p>&nbsp;<\/p>\n<p><a href=\"https:\/\/katalonienbesuch.com\/es\/barcelonas-region\/olympus-digital-camera-889\/\" rel=\"attachment wp-att-4326\"><img decoding=\"async\" class=\"alignright size-thumbnail wp-image-4326\" title=\"Monasterio benedictino de Sant Pere de Caserres\" src=\"https:\/\/katalonienbesuch.com\/wp-content\/uploads\/2012\/09\/P5162294-150x150.jpg\" alt=\"Monasterio benedictino de Sant Pere de Caserres\" width=\"150\" height=\"150\" srcset=\"https:\/\/katalonienbesuch.com\/wp-content\/uploads\/2012\/09\/P5162294-150x150.jpg 150w, https:\/\/katalonienbesuch.com\/wp-content\/uploads\/2012\/09\/P5162294-85x85.jpg 85w, https:\/\/katalonienbesuch.com\/wp-content\/uploads\/2012\/09\/P5162294-80x80.jpg 80w\" sizes=\"(max-width: 150px) 100vw, 150px\" \/><\/a>A continuaci\u00f3n podremos desplazarnos hasta el <strong>monasterio benedictino de Sant Pere de Caserres<\/strong>, bellamente situado en lo alto de un meandro del r\u00edo Ter, hoy en d\u00eda pantano de Sau, donde podremos comer. Durante el camino disfrutaremos de espectaculares vistas y bellos bosques de pinos.<\/p>\n<p>&nbsp;<\/p>\n<p><strong>Como gu\u00eda privado me adapto encantado a sus deseos e intereses, ajustando la ruta a los aspectos que m\u00e1s le puedan interesar. \u00a1Cons\u00falteme!<\/strong><\/p>\n<p>Excursi\u00f3n de d\u00eda entero. Son unos 100 km desde Barcelona por trayecto. La visita se realiza en coche, minibus o bus, que puedo organizar para usted y su grupo. Consultar precios, en funci\u00f3n de las necesidades y el tama\u00f1o del grupo.<\/p>\n<p>Precio del servicio de gu\u00eda: 280 Euro para grupos de hasta de 10 personas, IVA aparte. Entradas a los monumentos no incluidas.<\/p>\n<p>Punto de encuentro: en su hotel.<\/p>\n\n\t\t\t<style type='text\/css'>\n\t\t\t\t#sc_gallery-1901 {\n\t\t\t\t\tmargin: auto;\n\t\t\t\t}\n\t\t\t\t#sc_gallery-1901 .gallery-item {\n\t\t\t\t\tfloat: left;\n\t\t\t\t\tmargin-top: 10px;\n\t\t\t\t\ttext-align: center;\n\t\t\t\t\twidth: 19.99%;\n\t\t\t\t}\n\t\t\t\t#sc_gallery-1901 img {\n\t\t\t\t\tborder: 2px solid #cfcfcf;\n\t\t\t\t}\n\t\t\t\t#sc_gallery-1901 .gallery-caption {\n\t\t\t\t\tmargin-left: 0;\n\t\t\t\t}\n\t\t\t\t\/* see sc_gallery() in functions\/theme-shortcodes.php *\/\n\t\t\t<\/style>\n\t\t<div id='sc_gallery-1901' class='gallery element_classes galleryid-4290 gallery-columns-5 gallery-size-thumbnail file'><dl class='gallery-item'>\n\t\t\t\t<dt class='gallery-icon landscape'>\n\t\t\t\t\t<a href='https:\/\/katalonienbesuch.com\/wp-content\/uploads\/2013\/01\/P5162292.jpg'><img decoding=\"async\" width=\"150\" height=\"150\" src=\"https:\/\/katalonienbesuch.com\/wp-content\/uploads\/2013\/01\/P5162292-150x150.jpg\" class=\"attachment-thumbnail size-thumbnail\" alt=\"\" \/><\/a>\n\t\t\t\t<\/dt><\/dl><dl class='gallery-item'>\n\t\t\t\t<dt class='gallery-icon landscape'>\n\t\t\t\t\t<a href='https:\/\/katalonienbesuch.com\/wp-content\/uploads\/2012\/09\/Bischo\u0308fl.-Museum-in-Vic.jpg'><img loading=\"lazy\" decoding=\"async\" width=\"150\" height=\"150\" src=\"https:\/\/katalonienbesuch.com\/wp-content\/uploads\/2012\/09\/Bischo\u0308fl.-Museum-in-Vic-150x150.jpg\" class=\"attachment-thumbnail size-thumbnail\" alt=\"Museo Episcopal de Vic\" srcset=\"https:\/\/katalonienbesuch.com\/wp-content\/uploads\/2012\/09\/Bischo\u0308fl.-Museum-in-Vic-150x150.jpg 150w, https:\/\/katalonienbesuch.com\/wp-content\/uploads\/2012\/09\/Bischo\u0308fl.-Museum-in-Vic-85x85.jpg 85w, https:\/\/katalonienbesuch.com\/wp-content\/uploads\/2012\/09\/Bischo\u0308fl.-Museum-in-Vic-80x80.jpg 80w\" sizes=\"(max-width: 150px) 100vw, 150px\" \/><\/a>\n\t\t\t\t<\/dt><\/dl><dl class='gallery-item'>\n\t\t\t\t<dt class='gallery-icon landscape'>\n\t\t\t\t\t<a href='https:\/\/katalonienbesuch.com\/wp-content\/uploads\/2013\/01\/P5162304.jpg'><img loading=\"lazy\" decoding=\"async\" width=\"150\" height=\"150\" src=\"https:\/\/katalonienbesuch.com\/wp-content\/uploads\/2013\/01\/P5162304-150x150.jpg\" class=\"attachment-thumbnail size-thumbnail\" alt=\"\" \/><\/a>\n\t\t\t\t<\/dt><\/dl><dl class='gallery-item'>\n\t\t\t\t<dt class='gallery-icon landscape'>\n\t\t\t\t\t<a href='https:\/\/katalonienbesuch.com\/wp-content\/uploads\/2013\/01\/Vic-021.jpg'><img loading=\"lazy\" decoding=\"async\" width=\"150\" height=\"150\" src=\"https:\/\/katalonienbesuch.com\/wp-content\/uploads\/2013\/01\/Vic-021-150x150.jpg\" class=\"attachment-thumbnail size-thumbnail\" alt=\"\" \/><\/a>\n\t\t\t\t<\/dt><\/dl><dl class='gallery-item'>\n\t\t\t\t<dt class='gallery-icon landscape'>\n\t\t\t\t\t<a href='https:\/\/katalonienbesuch.com\/wp-content\/uploads\/2013\/01\/P5162298.jpg'><img loading=\"lazy\" decoding=\"async\" width=\"150\" height=\"150\" src=\"https:\/\/katalonienbesuch.com\/wp-content\/uploads\/2013\/01\/P5162298-150x150.jpg\" class=\"attachment-thumbnail size-thumbnail\" alt=\"\" \/><\/a>\n\t\t\t\t<\/dt><\/dl><br style=\"clear: both\" \/><dl class='gallery-item'>\n\t\t\t\t<dt class='gallery-icon landscape'>\n\t\t\t\t\t<a href='https:\/\/katalonienbesuch.com\/wp-content\/uploads\/2013\/01\/P5162303.jpg'><img loading=\"lazy\" decoding=\"async\" width=\"150\" height=\"150\" src=\"https:\/\/katalonienbesuch.com\/wp-content\/uploads\/2013\/01\/P5162303-150x150.jpg\" class=\"attachment-thumbnail size-thumbnail\" alt=\"\" \/><\/a>\n\t\t\t\t<\/dt><\/dl><dl class='gallery-item'>\n\t\t\t\t<dt class='gallery-icon landscape'>\n\t\t\t\t\t<a href='https:\/\/katalonienbesuch.com\/wp-content\/uploads\/2013\/01\/P5162294.jpg'><img loading=\"lazy\" decoding=\"async\" width=\"150\" height=\"150\" src=\"https:\/\/katalonienbesuch.com\/wp-content\/uploads\/2013\/01\/P5162294-150x150.jpg\" class=\"attachment-thumbnail size-thumbnail\" alt=\"\" \/><\/a>\n\t\t\t\t<\/dt><\/dl><dl class='gallery-item'>\n\t\t\t\t<dt class='gallery-icon landscape'>\n\t\t\t\t\t<a href='https:\/\/katalonienbesuch.com\/wp-content\/uploads\/2012\/09\/Vic-018.jpg'><img loading=\"lazy\" decoding=\"async\" width=\"150\" height=\"150\" src=\"https:\/\/katalonienbesuch.com\/wp-content\/uploads\/2012\/09\/Vic-018-150x150.jpg\" class=\"attachment-thumbnail size-thumbnail\" alt=\"\" \/><\/a>\n\t\t\t\t<\/dt><\/dl><dl class='gallery-item'>\n\t\t\t\t<dt class='gallery-icon landscape'>\n\t\t\t\t\t<a href='https:\/\/katalonienbesuch.com\/wp-content\/uploads\/2013\/01\/Vic-003.jpg'><img loading=\"lazy\" decoding=\"async\" width=\"150\" height=\"150\" src=\"https:\/\/katalonienbesuch.com\/wp-content\/uploads\/2013\/01\/Vic-003-150x150.jpg\" class=\"attachment-thumbnail size-thumbnail\" alt=\"\" \/><\/a>\n\t\t\t\t<\/dt><\/dl><dl class='gallery-item'>\n\t\t\t\t<dt class='gallery-icon landscape'>\n\t\t\t\t\t<a href='https:\/\/katalonienbesuch.com\/wp-content\/uploads\/2013\/01\/Vic.jpg'><img loading=\"lazy\" decoding=\"async\" width=\"150\" height=\"150\" src=\"https:\/\/katalonienbesuch.com\/wp-content\/uploads\/2013\/01\/Vic-150x150.jpg\" class=\"attachment-thumbnail size-thumbnail\" alt=\"\" \/><\/a>\n\t\t\t\t<\/dt><\/dl><br style=\"clear: both\" \/>\n\t\t\t<\/div>\n\n","protected":false},"excerpt":{"rendered":"<p>Vic es la capital de la comarca interior barcelonesa de Osona. Se sit\u00faa en la f\u00e9rtil y rica \u00abplana\u00bb de Vic a orillas del r\u00edo Meder y ha sido siempre un activo centro agr\u00edcola, ganadero y comercial. En esta bonita ciudad podremos hacer un recorrido hist\u00f3rico-art\u00edstico que nos llevar\u00e1 desde<span class=\"excerpt-hellip\"> [\u2026]<\/span><\/p>\n","protected":false},"author":2,"featured_media":4926,"comment_status":"closed","ping_status":"closed","sticky":false,"template":"","format":"standard","meta":{"ngg_post_thumbnail":0,"footnotes":""},"categories":[440],"tags":[457,393,409,506,408,385,453,396,394,406,507,508,399,509,458],"class_list":["post-4290","post","type-post","status-publish","format-standard","has-post-thumbnail","hentry","category-visitas-fuera-de-barcelona-es","tag-cabrera-es","tag-cataluna-es","tag-cataluna-central-es","tag-collsacabra-es","tag-excursion-de-dia-es","tag-gastronomia-es","tag-la-otra-barcelona-es","tag-naturaleza-es","tag-paisaje-es","tag-romanico-es","tag-rupit-es","tag-sant-pere-de-caserres-es","tag-senderismo-en-cataluna-es","tag-tavertet-es","tag-vic-es"],"_links":{"self":[{"href":"https:\/\/katalonienbesuch.com\/es\/wp-json\/wp\/v2\/posts\/4290","targetHints":{"allow":["GET"]}}],"collection":[{"href":"https:\/\/katalonienbesuch.com\/es\/wp-json\/wp\/v2\/posts"}],"about":[{"href":"https:\/\/katalonienbesuch.com\/es\/wp-json\/wp\/v2\/types\/post"}],"author":[{"embeddable":true,"href":"https:\/\/katalonienbesuch.com\/es\/wp-json\/wp\/v2\/users\/2"}],"replies":[{"embeddable":true,"href":"https:\/\/katalonienbesuch.com\/es\/wp-json\/wp\/v2\/comments?post=4290"}],"version-history":[{"count":12,"href":"https:\/\/katalonienbesuch.com\/es\/wp-json\/wp\/v2\/posts\/4290\/revisions"}],"predecessor-version":[{"id":4928,"href":"https:\/\/katalonienbesuch.com\/es\/wp-json\/wp\/v2\/posts\/4290\/revisions\/4928"}],"wp:featuredmedia":[{"embeddable":true,"href":"https:\/\/katalonienbesuch.com\/es\/wp-json\/wp\/v2\/media\/4926"}],"wp:attachment":[{"href":"https:\/\/katalonienbesuch.com\/es\/wp-json\/wp\/v2\/media?parent=4290"}],"wp:term":[{"taxonomy":"category","embeddable":true,"href":"https:\/\/katalonienbesuch.com\/es\/wp-json\/wp\/v2\/categories?post=4290"},{"taxonomy":"post_tag","embeddable":true,"href":"https:\/\/katalonienbesuch.com\/es\/wp-json\/wp\/v2\/tags?post=4290"}],"curies":[{"name":"wp","href":"https:\/\/api.w.org\/{rel}","templated":true}]}}